[{"@context":"https:\/\/schema.org\/","@type":"BlogPosting","@id":"https:\/\/www.dr-recker.com\/das-zwei-wochen-dilemma\/#BlogPosting","mainEntityOfPage":"https:\/\/www.dr-recker.com\/das-zwei-wochen-dilemma\/","headline":"Das Zwei-Wochen-Dilem\u00adma","name":"Das Zwei-Wochen-Dilem\u00adma","description":"Beim Kauf einer Immo\u00adbi\u00adlie vom Bau\u00adtr\u00e4\u00adger wird jedem Kauf\u00adin\u00adter\u00ades\u00adsen\u00adten eine min\u00addes\u00adtens zwei\u00adw\u00f6\u00adchi\u00adge \u00dcber\u00adle\u00adgungs\u00adfrist ein\u00adge\u00adr\u00e4umt, bevor der Kauf bin\u00addend abge\u00adschlos\u00adsen wer\u00adden kann. So will es der Gesetz\u00adger\u00adber im j\u00fcngst novel\u00adlier\u00adten Beur\u00adkun\u00addungs\u00adge\u00adsetz (\u00a7&nbsp;17&nbsp;Abs.&nbsp;2&nbsp;a&nbsp;S.&nbsp;2&nbsp;Nr.&nbsp;2&nbsp;BeurkG). Die \u00dcber\u00adle\u00adgungs\u00adfrist ist eine Schutz\u00adfrist; sie soll im Inter\u00ades\u00adse &hellip; <a href=\"https:\/\/www.dr-recker.com\/das-zwei-wochen-dilemma\/\">Weiterlesen &rarr;<\/a>","datePublished":"2014-02-27","dateModified":"2026-01-17","author":{"@type":"Person","@id":"https:\/\/www.dr-recker.com\/author\/recker\/#Person","name":"Wilfried Recker","url":"https:\/\/www.dr-recker.com\/author\/recker\/","identifier":2,"image":{"@type":"ImageObject","@id":"https:\/\/secure.gravatar.com\/avatar\/1407f2b4b361e6bdc8bd8992fba9160079ac36a9b2397c9b77aebd467a6f7322?s=96&d=mm&r=g","url":"https:\/\/secure.gravatar.com\/avatar\/1407f2b4b361e6bdc8bd8992fba9160079ac36a9b2397c9b77aebd467a6f7322?s=96&d=mm&r=g","height":96,"width":96}},"publisher":{"@type":"Organization","name":"Dr. Wilfried Recker","logo":{"@type":"ImageObject","@id":"https:\/\/www.dr-recker.com\/wp-content\/uploads\/2017\/07\/Januskopf-60x60.jpg","url":"https:\/\/www.dr-recker.com\/wp-content\/uploads\/2017\/07\/Januskopf-60x60.jpg","width":600,"height":60}},"image":{"@type":"ImageObject","@id":"https:\/\/www.dr-recker.com\/wp-content\/uploads\/2017\/07\/Dr.-W.-Recker-700x991.png","url":"https:\/\/www.dr-recker.com\/wp-content\/uploads\/2017\/07\/Dr.-W.-Recker-700x991.png","width":100,"height":100},"url":"https:\/\/www.dr-recker.com\/das-zwei-wochen-dilemma\/","about":["Allgemein"],"wordCount":752,"keywords":["Bautr\u00e4ger","Bautr\u00e4gervertrag","Immobilie","\u00dcberlegungsfrist"]},{"@context":"https:\/\/schema.org\/","@type":"BreadcrumbList","itemListElement":[{"@type":"ListItem","position":1,"name":"Das Zwei-Wochen-Dilem\u00adma","item":"https:\/\/www.dr-recker.com\/das-zwei-wochen-dilemma\/#breadcrumbitem"}]}]