{"@context":"https:\/\/schema.org\/","@type":"CollectionPage","@id":"https:\/\/www.dr-recker.com\/tag\/bautraeger\/#CollectionPage","headline":"Bautr\u00e4ger Tag","description":"","url":"https:\/\/www.dr-recker.com\/tag\/bautraeger\/","hasPart":[{"@type":"BlogPosting","@id":"https:\/\/www.dr-recker.com\/it-sicherheit-beim-bau-mit-bautraeger-oder-generalunternehmer-schutz-personenbezogener-daten-beim-bautraeger-und-generalunternehmervertrag\/","headline":"IT-Sicher\u00adheit beim Bau mit Bau\u00adtr\u00e4\u00adger oder Gene\u00adral\u00adun\u00adter\u00adneh\u00admer \u2013 Schutz per\u00adso\u00adnen\u00adbe\u00adzo\u00adge\u00adner Daten beim Bau\u00adtr\u00e4\u00adger- und Generalunternehmervertrag","url":"https:\/\/www.dr-recker.com\/it-sicherheit-beim-bau-mit-bautraeger-oder-generalunternehmer-schutz-personenbezogener-daten-beim-bautraeger-und-generalunternehmervertrag\/","datePublished":"2016-12-05","dateModified":"2026-01-18","mainEntityOfPage":"https:\/\/www.dr-recker.com\/it-sicherheit-beim-bau-mit-bautraeger-oder-generalunternehmer-schutz-personenbezogener-daten-beim-bautraeger-und-generalunternehmervertrag\/","author":{"@type":"Person","@id":"https:\/\/www.dr-recker.com\/author\/recker\/#Person","name":"Wilfried Recker","url":"https:\/\/www.dr-recker.com\/author\/recker\/","identifier":2,"image":{"@type":"ImageObject","@id":"https:\/\/secure.gravatar.com\/avatar\/1407f2b4b361e6bdc8bd8992fba9160079ac36a9b2397c9b77aebd467a6f7322?s=96&d=mm&r=g","url":"https:\/\/secure.gravatar.com\/avatar\/1407f2b4b361e6bdc8bd8992fba9160079ac36a9b2397c9b77aebd467a6f7322?s=96&d=mm&r=g","height":96,"width":96}},"publisher":{"@type":"Organization","name":"Dr. Wilfried Recker","logo":{"@type":"ImageObject","@id":"https:\/\/www.dr-recker.com\/wp-content\/uploads\/2017\/07\/Januskopf-60x60.jpg","url":"https:\/\/www.dr-recker.com\/wp-content\/uploads\/2017\/07\/Januskopf-60x60.jpg","width":600,"height":60}},"image":{"@type":"ImageObject","@id":"https:\/\/www.dr-recker.com\/wp-content\/uploads\/2017\/07\/Dr.-W.-Recker-700x991.png","url":"https:\/\/www.dr-recker.com\/wp-content\/uploads\/2017\/07\/Dr.-W.-Recker-700x991.png","width":100,"height":100},"keywords":["Bautr\u00e4ger","Bautr\u00e4gervertrag","Daten"]},{"@type":"BlogPosting","@id":"https:\/\/www.dr-recker.com\/verlust-des-mindestschutzes-beim-bautraegervertrag-ein-typischer-fallstrick-beim-kauf-vom-bautraeger\/","headline":"Ver\u00adlust des Min\u00addest\u00adschut\u00adzes beim Bau\u00adtr\u00e4\u00adger\u00adver\u00adtrag \u2013 Ein typi\u00adscher Fall\u00adstrick beim Immo\u00adbi\u00adli\u00aden\u00ader\u00adwerb vom Bautr\u00e4ger","url":"https:\/\/www.dr-recker.com\/verlust-des-mindestschutzes-beim-bautraegervertrag-ein-typischer-fallstrick-beim-kauf-vom-bautraeger\/","datePublished":"2014-12-23","dateModified":"2026-01-18","mainEntityOfPage":"https:\/\/www.dr-recker.com\/verlust-des-mindestschutzes-beim-bautraegervertrag-ein-typischer-fallstrick-beim-kauf-vom-bautraeger\/","author":{"@type":"Person","@id":"https:\/\/www.dr-recker.com\/author\/recker\/#Person","name":"Wilfried Recker","url":"https:\/\/www.dr-recker.com\/author\/recker\/","identifier":2,"image":{"@type":"ImageObject","@id":"https:\/\/secure.gravatar.com\/avatar\/1407f2b4b361e6bdc8bd8992fba9160079ac36a9b2397c9b77aebd467a6f7322?s=96&d=mm&r=g","url":"https:\/\/secure.gravatar.com\/avatar\/1407f2b4b361e6bdc8bd8992fba9160079ac36a9b2397c9b77aebd467a6f7322?s=96&d=mm&r=g","height":96,"width":96}},"publisher":{"@type":"Organization","name":"Dr. Wilfried Recker","logo":{"@type":"ImageObject","@id":"https:\/\/www.dr-recker.com\/wp-content\/uploads\/2017\/07\/Januskopf-60x60.jpg","url":"https:\/\/www.dr-recker.com\/wp-content\/uploads\/2017\/07\/Januskopf-60x60.jpg","width":600,"height":60}},"image":{"@type":"ImageObject","@id":"https:\/\/www.dr-recker.com\/wp-content\/uploads\/2017\/07\/Dr.-W.-Recker-700x991.png","url":"https:\/\/www.dr-recker.com\/wp-content\/uploads\/2017\/07\/Dr.-W.-Recker-700x991.png","width":100,"height":100},"keywords":["Bauherr","Bautr\u00e4ger","Bautr\u00e4gervertrag","Erwerber","Mindestschutz"]},{"@type":"BlogPosting","@id":"https:\/\/www.dr-recker.com\/vertragliche-ruecktrittsrechte-des-bautraegers-im-bautraegervertrag\/","headline":"Ver\u00adtrag\u00adli\u00adche R\u00fcck\u00adtritts\u00adrech\u00adte des Bau\u00adtr\u00e4\u00adgers im Bautr\u00e4gervertrag","url":"https:\/\/www.dr-recker.com\/vertragliche-ruecktrittsrechte-des-bautraegers-im-bautraegervertrag\/","datePublished":"2014-12-02","dateModified":"2026-01-17","mainEntityOfPage":"https:\/\/www.dr-recker.com\/vertragliche-ruecktrittsrechte-des-bautraegers-im-bautraegervertrag\/","author":{"@type":"Person","@id":"https:\/\/www.dr-recker.com\/author\/recker\/#Person","name":"Wilfried Recker","url":"https:\/\/www.dr-recker.com\/author\/recker\/","identifier":2,"image":{"@type":"ImageObject","@id":"https:\/\/secure.gravatar.com\/avatar\/1407f2b4b361e6bdc8bd8992fba9160079ac36a9b2397c9b77aebd467a6f7322?s=96&d=mm&r=g","url":"https:\/\/secure.gravatar.com\/avatar\/1407f2b4b361e6bdc8bd8992fba9160079ac36a9b2397c9b77aebd467a6f7322?s=96&d=mm&r=g","height":96,"width":96}},"publisher":{"@type":"Organization","name":"Dr. Wilfried Recker","logo":{"@type":"ImageObject","@id":"https:\/\/www.dr-recker.com\/wp-content\/uploads\/2017\/07\/Januskopf-60x60.jpg","url":"https:\/\/www.dr-recker.com\/wp-content\/uploads\/2017\/07\/Januskopf-60x60.jpg","width":600,"height":60}},"image":{"@type":"ImageObject","@id":"https:\/\/www.dr-recker.com\/wp-content\/uploads\/2017\/07\/Dr.-W.-Recker-700x991.png","url":"https:\/\/www.dr-recker.com\/wp-content\/uploads\/2017\/07\/Dr.-W.-Recker-700x991.png","width":100,"height":100},"keywords":["Bautr\u00e4ger","R\u00fccktrittsrecht"],"commentCount":"1","comment":null},{"@type":"BlogPosting","@id":"https:\/\/www.dr-recker.com\/immobilienmarkt-verbraucherschutz-und-bautraegervertrag\/","headline":"Immo\u00adbi\u00adli\u00aden\u00admarkt, Ver\u00adbrau\u00adcher\u00adschutz und Bautr\u00e4gervertrag","url":"https:\/\/www.dr-recker.com\/immobilienmarkt-verbraucherschutz-und-bautraegervertrag\/","datePublished":"2014-11-12","dateModified":"2026-01-17","mainEntityOfPage":"https:\/\/www.dr-recker.com\/immobilienmarkt-verbraucherschutz-und-bautraegervertrag\/","author":{"@type":"Person","@id":"https:\/\/www.dr-recker.com\/author\/recker\/#Person","name":"Wilfried Recker","url":"https:\/\/www.dr-recker.com\/author\/recker\/","identifier":2,"image":{"@type":"ImageObject","@id":"https:\/\/secure.gravatar.com\/avatar\/1407f2b4b361e6bdc8bd8992fba9160079ac36a9b2397c9b77aebd467a6f7322?s=96&d=mm&r=g","url":"https:\/\/secure.gravatar.com\/avatar\/1407f2b4b361e6bdc8bd8992fba9160079ac36a9b2397c9b77aebd467a6f7322?s=96&d=mm&r=g","height":96,"width":96}},"publisher":{"@type":"Organization","name":"Dr. Wilfried Recker","logo":{"@type":"ImageObject","@id":"https:\/\/www.dr-recker.com\/wp-content\/uploads\/2017\/07\/Januskopf-60x60.jpg","url":"https:\/\/www.dr-recker.com\/wp-content\/uploads\/2017\/07\/Januskopf-60x60.jpg","width":600,"height":60}},"image":{"@type":"ImageObject","@id":"https:\/\/www.dr-recker.com\/wp-content\/uploads\/2017\/07\/Dr.-W.-Recker-700x991.png","url":"https:\/\/www.dr-recker.com\/wp-content\/uploads\/2017\/07\/Dr.-W.-Recker-700x991.png","width":100,"height":100},"keywords":["Bautr\u00e4ger","Bautr\u00e4gervertrag","Checkliste","Immobilienerwerb","Verbraucherschutz"]},{"@type":"BlogPosting","@id":"https:\/\/www.dr-recker.com\/das-zwei-wochen-dilemma\/","headline":"Das Zwei-Wochen-Dilem\u00adma","url":"https:\/\/www.dr-recker.com\/das-zwei-wochen-dilemma\/","datePublished":"2014-02-27","dateModified":"2026-01-17","mainEntityOfPage":"https:\/\/www.dr-recker.com\/das-zwei-wochen-dilemma\/","author":{"@type":"Person","@id":"https:\/\/www.dr-recker.com\/author\/recker\/#Person","name":"Wilfried Recker","url":"https:\/\/www.dr-recker.com\/author\/recker\/","identifier":2,"image":{"@type":"ImageObject","@id":"https:\/\/secure.gravatar.com\/avatar\/1407f2b4b361e6bdc8bd8992fba9160079ac36a9b2397c9b77aebd467a6f7322?s=96&d=mm&r=g","url":"https:\/\/secure.gravatar.com\/avatar\/1407f2b4b361e6bdc8bd8992fba9160079ac36a9b2397c9b77aebd467a6f7322?s=96&d=mm&r=g","height":96,"width":96}},"publisher":{"@type":"Organization","name":"Dr. Wilfried Recker","logo":{"@type":"ImageObject","@id":"https:\/\/www.dr-recker.com\/wp-content\/uploads\/2017\/07\/Januskopf-60x60.jpg","url":"https:\/\/www.dr-recker.com\/wp-content\/uploads\/2017\/07\/Januskopf-60x60.jpg","width":600,"height":60}},"image":{"@type":"ImageObject","@id":"https:\/\/www.dr-recker.com\/wp-content\/uploads\/2017\/07\/Dr.-W.-Recker-700x991.png","url":"https:\/\/www.dr-recker.com\/wp-content\/uploads\/2017\/07\/Dr.-W.-Recker-700x991.png","width":100,"height":100},"keywords":["Bautr\u00e4ger","Bautr\u00e4gervertrag","Immobilie","\u00dcberlegungsfrist"]}]}