{"@context":"https:\/\/schema.org\/","@type":"CollectionPage","@id":"https:\/\/www.dr-recker.com\/tag\/bautraegervertrag\/#CollectionPage","headline":"Bautr\u00e4gervertrag Tag","description":"","url":"https:\/\/www.dr-recker.com\/tag\/bautraegervertrag\/","hasPart":[{"@type":"BlogPosting","@id":"https:\/\/www.dr-recker.com\/bautraegervertrag-und-baumangel-der-bei-baumaengeln-geschuldete-kaufpreis\/","headline":"Bau\u00adtr\u00e4\u00adger\u00adver\u00adtrag und Bau\u00adman\u00adgel \u2013 Der bei Bau\u00adm\u00e4n\u00adgeln geschul\u00adde\u00adter Erwerbspreis","url":"https:\/\/www.dr-recker.com\/bautraegervertrag-und-baumangel-der-bei-baumaengeln-geschuldete-kaufpreis\/","datePublished":"2015-11-19","dateModified":"2026-01-18","mainEntityOfPage":"https:\/\/www.dr-recker.com\/bautraegervertrag-und-baumangel-der-bei-baumaengeln-geschuldete-kaufpreis\/","author":{"@type":"Person","@id":"https:\/\/www.dr-recker.com\/author\/recker\/#Person","name":"Wilfried Recker","url":"https:\/\/www.dr-recker.com\/author\/recker\/","identifier":2,"image":{"@type":"ImageObject","@id":"https:\/\/secure.gravatar.com\/avatar\/1407f2b4b361e6bdc8bd8992fba9160079ac36a9b2397c9b77aebd467a6f7322?s=96&d=mm&r=g","url":"https:\/\/secure.gravatar.com\/avatar\/1407f2b4b361e6bdc8bd8992fba9160079ac36a9b2397c9b77aebd467a6f7322?s=96&d=mm&r=g","height":96,"width":96}},"publisher":{"@type":"Organization","name":"Dr. Wilfried Recker","logo":{"@type":"ImageObject","@id":"https:\/\/www.dr-recker.com\/wp-content\/uploads\/2017\/07\/Januskopf-60x60.jpg","url":"https:\/\/www.dr-recker.com\/wp-content\/uploads\/2017\/07\/Januskopf-60x60.jpg","width":600,"height":60}},"image":{"@type":"ImageObject","@id":"https:\/\/www.dr-recker.com\/wp-content\/uploads\/2017\/07\/Dr.-W.-Recker-700x991.png","url":"https:\/\/www.dr-recker.com\/wp-content\/uploads\/2017\/07\/Dr.-W.-Recker-700x991.png","width":100,"height":100},"keywords":["Baum\u00e4ngel","Bautr\u00e4gervertrag","F\u00e4lligkeit","geschuldet","vereinbart"],"commentCount":"3","comment":[{"@type":"Comment","@id":"https:\/\/www.dr-recker.com\/bautraegervertrag-und-baumangel-der-bei-baumaengeln-geschuldete-kaufpreis\/#Comment1","dateCreated":"2015-12-31 18:48:42","description":"Hallo, \r\ndanke f\u00fcr den interessanten Artikel. Nach meinem Wissen gibt es einen rechtlichen Grundsatz,  nach dem ein Vorgang\/Gesch\u00e4ft nur ein mal besteuert werden darf. Wie ist in diesem Hinblick die Doppelbesteuerung mit Umsatz- und Grunderwerbssteuer bei einer verdeckten Bautr\u00e4gerschaft zu bewerten?\r\nDanke und Gru\u00df, \r\nJ.H\u00e4ring","author":{"@type":"Person","name":"Haering","url":""}}]},{"@type":"BlogPosting","@id":"https:\/\/www.dr-recker.com\/bauqualitaet-beim-kauf-vom-bautraeger-bautraegervertrag-und-beschaffenheitsvereinbarung\/","headline":"Bau\u00adqua\u00adli\u00adt\u00e4t beim Immo\u00adbi\u00adli\u00aden\u00ader\u00adwerb vom Bau\u00adtr\u00e4\u00adger \u2013 Bau\u00adtr\u00e4\u00adger\u00adver\u00adtrag und Beschaffenheitsvereinbarung","url":"https:\/\/www.dr-recker.com\/bauqualitaet-beim-kauf-vom-bautraeger-bautraegervertrag-und-beschaffenheitsvereinbarung\/","datePublished":"2015-08-31","dateModified":"2026-01-18","mainEntityOfPage":"https:\/\/www.dr-recker.com\/bauqualitaet-beim-kauf-vom-bautraeger-bautraegervertrag-und-beschaffenheitsvereinbarung\/","author":{"@type":"Person","@id":"https:\/\/www.dr-recker.com\/author\/recker\/#Person","name":"Wilfried Recker","url":"https:\/\/www.dr-recker.com\/author\/recker\/","identifier":2,"image":{"@type":"ImageObject","@id":"https:\/\/secure.gravatar.com\/avatar\/1407f2b4b361e6bdc8bd8992fba9160079ac36a9b2397c9b77aebd467a6f7322?s=96&d=mm&r=g","url":"https:\/\/secure.gravatar.com\/avatar\/1407f2b4b361e6bdc8bd8992fba9160079ac36a9b2397c9b77aebd467a6f7322?s=96&d=mm&r=g","height":96,"width":96}},"publisher":{"@type":"Organization","name":"Dr. Wilfried Recker","logo":{"@type":"ImageObject","@id":"https:\/\/www.dr-recker.com\/wp-content\/uploads\/2017\/07\/Januskopf-60x60.jpg","url":"https:\/\/www.dr-recker.com\/wp-content\/uploads\/2017\/07\/Januskopf-60x60.jpg","width":600,"height":60}},"image":{"@type":"ImageObject","@id":"https:\/\/www.dr-recker.com\/wp-content\/uploads\/2017\/07\/Dr.-W.-Recker-700x991.png","url":"https:\/\/www.dr-recker.com\/wp-content\/uploads\/2017\/07\/Dr.-W.-Recker-700x991.png","width":100,"height":100},"keywords":["Bautr\u00e4gervertrag","Beschaffenheit","Standard"],"commentCount":"1","comment":null},{"@type":"BlogPosting","@id":"https:\/\/www.dr-recker.com\/bauraegervertrag-kostenlos-pruefen-verbraucherschutz-beim-kauf-vom-bautraeger\/","headline":"Baur\u00e4\u00adger\u00adver\u00adtrag kos\u00adten\u00adlos pr\u00fc\u00adfen \u2013 Ver\u00adbrau\u00adcher\u00adschutz beim Kauf vom Bautr\u00e4ger","url":"https:\/\/www.dr-recker.com\/bauraegervertrag-kostenlos-pruefen-verbraucherschutz-beim-kauf-vom-bautraeger\/","datePublished":"2015-07-03","dateModified":"2026-01-18","mainEntityOfPage":"https:\/\/www.dr-recker.com\/bauraegervertrag-kostenlos-pruefen-verbraucherschutz-beim-kauf-vom-bautraeger\/","author":{"@type":"Person","@id":"https:\/\/www.dr-recker.com\/author\/recker\/#Person","name":"Wilfried Recker","url":"https:\/\/www.dr-recker.com\/author\/recker\/","identifier":2,"image":{"@type":"ImageObject","@id":"https:\/\/secure.gravatar.com\/avatar\/1407f2b4b361e6bdc8bd8992fba9160079ac36a9b2397c9b77aebd467a6f7322?s=96&d=mm&r=g","url":"https:\/\/secure.gravatar.com\/avatar\/1407f2b4b361e6bdc8bd8992fba9160079ac36a9b2397c9b77aebd467a6f7322?s=96&d=mm&r=g","height":96,"width":96}},"publisher":{"@type":"Organization","name":"Dr. Wilfried Recker","logo":{"@type":"ImageObject","@id":"https:\/\/www.dr-recker.com\/wp-content\/uploads\/2017\/07\/Januskopf-60x60.jpg","url":"https:\/\/www.dr-recker.com\/wp-content\/uploads\/2017\/07\/Januskopf-60x60.jpg","width":600,"height":60}},"image":{"@type":"ImageObject","@id":"https:\/\/www.dr-recker.com\/wp-content\/uploads\/2017\/07\/Dr.-W.-Recker-700x991.png","url":"https:\/\/www.dr-recker.com\/wp-content\/uploads\/2017\/07\/Dr.-W.-Recker-700x991.png","width":100,"height":100},"keywords":["Bautr\u00e4gervertrag","kostenlos","Pr\u00fcfung","Verbraucherschutz"],"commentCount":"2","comment":null},{"@type":"BlogPosting","@id":"https:\/\/www.dr-recker.com\/betreten-der-baustelle-auf-eigene-gefahr-unwirksamer-haftungsausschluss-beim-kauf-vom-bautraeger\/","headline":"Betre\u00adten der Bau\u00adstel\u00adle auf eige\u00adne Gefahr \u2013 unwirk\u00adsa\u00admer Haf\u00adtungs\u00adaus\u00adschluss des Bautr\u00e4gers","url":"https:\/\/www.dr-recker.com\/betreten-der-baustelle-auf-eigene-gefahr-unwirksamer-haftungsausschluss-beim-kauf-vom-bautraeger\/","datePublished":"2015-05-25","dateModified":"2026-01-18","mainEntityOfPage":"https:\/\/www.dr-recker.com\/betreten-der-baustelle-auf-eigene-gefahr-unwirksamer-haftungsausschluss-beim-kauf-vom-bautraeger\/","author":{"@type":"Person","@id":"https:\/\/www.dr-recker.com\/author\/recker\/#Person","name":"Wilfried Recker","url":"https:\/\/www.dr-recker.com\/author\/recker\/","identifier":2,"image":{"@type":"ImageObject","@id":"https:\/\/secure.gravatar.com\/avatar\/1407f2b4b361e6bdc8bd8992fba9160079ac36a9b2397c9b77aebd467a6f7322?s=96&d=mm&r=g","url":"https:\/\/secure.gravatar.com\/avatar\/1407f2b4b361e6bdc8bd8992fba9160079ac36a9b2397c9b77aebd467a6f7322?s=96&d=mm&r=g","height":96,"width":96}},"publisher":{"@type":"Organization","name":"Dr. Wilfried Recker","logo":{"@type":"ImageObject","@id":"https:\/\/www.dr-recker.com\/wp-content\/uploads\/2017\/07\/Januskopf-60x60.jpg","url":"https:\/\/www.dr-recker.com\/wp-content\/uploads\/2017\/07\/Januskopf-60x60.jpg","width":600,"height":60}},"image":{"@type":"ImageObject","@id":"https:\/\/www.dr-recker.com\/wp-content\/uploads\/2017\/07\/Dr.-W.-Recker-700x991.png","url":"https:\/\/www.dr-recker.com\/wp-content\/uploads\/2017\/07\/Dr.-W.-Recker-700x991.png","width":100,"height":100},"keywords":["Baustelle","Bautr\u00e4gervertrag","eigene","Gefahr","Haftung"]},{"@type":"BlogPosting","@id":"https:\/\/www.dr-recker.com\/der-falsche-bauherr-gefaehrliche-vertragsgestaltung-beim-kauf-vom-bautraeger\/","headline":"Der fal\u00adsche Bau\u00adherr \u2013 gef\u00e4hr\u00adli\u00adche Ver\u00adtrags\u00adge\u00adstal\u00adtung beim Immo\u00adbi\u00adli\u00aden\u00ader\u00adwerb vom Bautr\u00e4ger","url":"https:\/\/www.dr-recker.com\/der-falsche-bauherr-gefaehrliche-vertragsgestaltung-beim-kauf-vom-bautraeger\/","datePublished":"2015-04-12","dateModified":"2026-01-18","mainEntityOfPage":"https:\/\/www.dr-recker.com\/der-falsche-bauherr-gefaehrliche-vertragsgestaltung-beim-kauf-vom-bautraeger\/","author":{"@type":"Person","@id":"https:\/\/www.dr-recker.com\/author\/recker\/#Person","name":"Wilfried Recker","url":"https:\/\/www.dr-recker.com\/author\/recker\/","identifier":2,"image":{"@type":"ImageObject","@id":"https:\/\/secure.gravatar.com\/avatar\/1407f2b4b361e6bdc8bd8992fba9160079ac36a9b2397c9b77aebd467a6f7322?s=96&d=mm&r=g","url":"https:\/\/secure.gravatar.com\/avatar\/1407f2b4b361e6bdc8bd8992fba9160079ac36a9b2397c9b77aebd467a6f7322?s=96&d=mm&r=g","height":96,"width":96}},"publisher":{"@type":"Organization","name":"Dr. Wilfried Recker","logo":{"@type":"ImageObject","@id":"https:\/\/www.dr-recker.com\/wp-content\/uploads\/2017\/07\/Januskopf-60x60.jpg","url":"https:\/\/www.dr-recker.com\/wp-content\/uploads\/2017\/07\/Januskopf-60x60.jpg","width":600,"height":60}},"image":{"@type":"ImageObject","@id":"https:\/\/www.dr-recker.com\/wp-content\/uploads\/2017\/07\/Dr.-W.-Recker-700x991.png","url":"https:\/\/www.dr-recker.com\/wp-content\/uploads\/2017\/07\/Dr.-W.-Recker-700x991.png","width":100,"height":100},"keywords":["Bauherr","Bautr\u00e4gervertrag","Kaufvertrag","Werkvertrag"]}]}