{"@context":"https:\/\/schema.org\/","@type":"CollectionPage","@id":"https:\/\/www.dr-recker.com\/tag\/bautraegervertrag\/#CollectionPage","headline":"Bautr\u00e4gervertrag Tag","description":"","url":"https:\/\/www.dr-recker.com\/tag\/bautraegervertrag\/","hasPart":[{"@type":"BlogPosting","@id":"https:\/\/www.dr-recker.com\/abnahmefiktionen-im-bautraegervertrag-ein-rechtswidriges-droh-und-druckmittel-der-bautraeger\/","headline":"Abnah\u00adme\u00adfik\u00adtio\u00adnen im Bau\u00adtr\u00e4\u00adger\u00adver\u00adtrag \u2013 Ein rechts\u00adwid\u00adri\u00adges Droh- und Druck\u00admit\u00adtel der Bautr\u00e4ger","url":"https:\/\/www.dr-recker.com\/abnahmefiktionen-im-bautraegervertrag-ein-rechtswidriges-droh-und-druckmittel-der-bautraeger\/","datePublished":"2015-03-20","dateModified":"2026-01-17","mainEntityOfPage":"https:\/\/www.dr-recker.com\/abnahmefiktionen-im-bautraegervertrag-ein-rechtswidriges-droh-und-druckmittel-der-bautraeger\/","author":{"@type":"Person","@id":"https:\/\/www.dr-recker.com\/author\/recker\/#Person","name":"Wilfried Recker","url":"https:\/\/www.dr-recker.com\/author\/recker\/","identifier":2,"image":{"@type":"ImageObject","@id":"https:\/\/secure.gravatar.com\/avatar\/1407f2b4b361e6bdc8bd8992fba9160079ac36a9b2397c9b77aebd467a6f7322?s=96&d=mm&r=g","url":"https:\/\/secure.gravatar.com\/avatar\/1407f2b4b361e6bdc8bd8992fba9160079ac36a9b2397c9b77aebd467a6f7322?s=96&d=mm&r=g","height":96,"width":96}},"publisher":{"@type":"Organization","name":"Dr. Wilfried Recker","logo":{"@type":"ImageObject","@id":"https:\/\/www.dr-recker.com\/wp-content\/uploads\/2017\/07\/Januskopf-60x60.jpg","url":"https:\/\/www.dr-recker.com\/wp-content\/uploads\/2017\/07\/Januskopf-60x60.jpg","width":600,"height":60}},"image":{"@type":"ImageObject","@id":"https:\/\/www.dr-recker.com\/wp-content\/uploads\/2017\/07\/Dr.-W.-Recker-700x991.png","url":"https:\/\/www.dr-recker.com\/wp-content\/uploads\/2017\/07\/Dr.-W.-Recker-700x991.png","width":100,"height":100},"keywords":["Abnahme","Bautr\u00e4gervertrag","Fiktion","Zur\u00fcckbehaltungsrecht"],"commentCount":"2","comment":null},{"@type":"BlogPosting","@id":"https:\/\/www.dr-recker.com\/gefahr-hausnotar-risiken-beim-kauf-vom-bautraeger-minimieren\/","headline":"Gefahr: Haus\u00adno\u00adtar \u2013 Risi\u00adken beim Erwerb einer Immo\u00adbi\u00adlie vom Bau\u00adtr\u00e4\u00adger minimieren","url":"https:\/\/www.dr-recker.com\/gefahr-hausnotar-risiken-beim-kauf-vom-bautraeger-minimieren\/","datePublished":"2015-02-08","dateModified":"2026-01-18","mainEntityOfPage":"https:\/\/www.dr-recker.com\/gefahr-hausnotar-risiken-beim-kauf-vom-bautraeger-minimieren\/","author":{"@type":"Person","@id":"https:\/\/www.dr-recker.com\/author\/recker\/#Person","name":"Wilfried Recker","url":"https:\/\/www.dr-recker.com\/author\/recker\/","identifier":2,"image":{"@type":"ImageObject","@id":"https:\/\/secure.gravatar.com\/avatar\/1407f2b4b361e6bdc8bd8992fba9160079ac36a9b2397c9b77aebd467a6f7322?s=96&d=mm&r=g","url":"https:\/\/secure.gravatar.com\/avatar\/1407f2b4b361e6bdc8bd8992fba9160079ac36a9b2397c9b77aebd467a6f7322?s=96&d=mm&r=g","height":96,"width":96}},"publisher":{"@type":"Organization","name":"Dr. Wilfried Recker","logo":{"@type":"ImageObject","@id":"https:\/\/www.dr-recker.com\/wp-content\/uploads\/2017\/07\/Januskopf-60x60.jpg","url":"https:\/\/www.dr-recker.com\/wp-content\/uploads\/2017\/07\/Januskopf-60x60.jpg","width":600,"height":60}},"image":{"@type":"ImageObject","@id":"https:\/\/www.dr-recker.com\/wp-content\/uploads\/2017\/07\/Dr.-W.-Recker-700x991.png","url":"https:\/\/www.dr-recker.com\/wp-content\/uploads\/2017\/07\/Dr.-W.-Recker-700x991.png","width":100,"height":100},"keywords":["Bautr\u00e4gervertrag","Erwerberschutzbestimmung","gef\u00e4hrlich","Hausnotar"]},{"@type":"BlogPosting","@id":"https:\/\/www.dr-recker.com\/abnahme-des-gemeinschaftseigentums-durch-bevollmaechtigte-verlust-des-gesetzlichen-mindestschutzes-beim-kauf-vom-bautraeger\/","headline":"Abnah\u00adme des Gemein\u00adschafts\u00adei\u00adgen\u00adtums durch Bevoll\u00adm\u00e4ch\u00adtig\u00adte \u2013 Ver\u00adlust des gesetz\u00adli\u00adchen Min\u00addest\u00adschut\u00adzes beim Immo\u00adbi\u00adli\u00aden\u00ader\u00adwerb vom Bautr\u00e4ger","url":"https:\/\/www.dr-recker.com\/abnahme-des-gemeinschaftseigentums-durch-bevollmaechtigte-verlust-des-gesetzlichen-mindestschutzes-beim-kauf-vom-bautraeger\/","datePublished":"2015-02-06","dateModified":"2026-01-18","mainEntityOfPage":"https:\/\/www.dr-recker.com\/abnahme-des-gemeinschaftseigentums-durch-bevollmaechtigte-verlust-des-gesetzlichen-mindestschutzes-beim-kauf-vom-bautraeger\/","author":{"@type":"Person","@id":"https:\/\/www.dr-recker.com\/author\/recker\/#Person","name":"Wilfried Recker","url":"https:\/\/www.dr-recker.com\/author\/recker\/","identifier":2,"image":{"@type":"ImageObject","@id":"https:\/\/secure.gravatar.com\/avatar\/1407f2b4b361e6bdc8bd8992fba9160079ac36a9b2397c9b77aebd467a6f7322?s=96&d=mm&r=g","url":"https:\/\/secure.gravatar.com\/avatar\/1407f2b4b361e6bdc8bd8992fba9160079ac36a9b2397c9b77aebd467a6f7322?s=96&d=mm&r=g","height":96,"width":96}},"publisher":{"@type":"Organization","name":"Dr. Wilfried Recker","logo":{"@type":"ImageObject","@id":"https:\/\/www.dr-recker.com\/wp-content\/uploads\/2017\/07\/Januskopf-60x60.jpg","url":"https:\/\/www.dr-recker.com\/wp-content\/uploads\/2017\/07\/Januskopf-60x60.jpg","width":600,"height":60}},"image":{"@type":"ImageObject","@id":"https:\/\/www.dr-recker.com\/wp-content\/uploads\/2017\/07\/Dr.-W.-Recker-700x991.png","url":"https:\/\/www.dr-recker.com\/wp-content\/uploads\/2017\/07\/Dr.-W.-Recker-700x991.png","width":100,"height":100},"keywords":["Abnahme","Abnahmevollmacht","Bautr\u00e4gervertrag","Bevollm\u00e4chter","Dritter","Gemeinschaftseigentum","unwiderrufliche Vollmacht","verdr\u00e4ngende Abnahmeklausel","verdr\u00e4ngende Vollmacht","Verwaltervollmacht","Wohnungseigentum"]},{"@type":"BlogPosting","@id":"https:\/\/www.dr-recker.com\/verdeckter-ausschluss-von-zurueckbehaltungsrechten-verstoss-gegen-mindestanforderungen-beim-bautraegervertrag\/","headline":"Ver\u00addeck\u00adter Aus\u00adschluss von Zur\u00fcck\u00adbe\u00adhal\u00adtungs\u00adrech\u00adten \u2013 Ver\u00adsto\u00df gegen Min\u00addest\u00adan\u00adfor\u00adde\u00adrun\u00adgen beim Bautr\u00e4gervertrag","url":"https:\/\/www.dr-recker.com\/verdeckter-ausschluss-von-zurueckbehaltungsrechten-verstoss-gegen-mindestanforderungen-beim-bautraegervertrag\/","datePublished":"2015-01-30","dateModified":"2026-01-18","mainEntityOfPage":"https:\/\/www.dr-recker.com\/verdeckter-ausschluss-von-zurueckbehaltungsrechten-verstoss-gegen-mindestanforderungen-beim-bautraegervertrag\/","author":{"@type":"Person","@id":"https:\/\/www.dr-recker.com\/author\/recker\/#Person","name":"Wilfried Recker","url":"https:\/\/www.dr-recker.com\/author\/recker\/","identifier":2,"image":{"@type":"ImageObject","@id":"https:\/\/secure.gravatar.com\/avatar\/1407f2b4b361e6bdc8bd8992fba9160079ac36a9b2397c9b77aebd467a6f7322?s=96&d=mm&r=g","url":"https:\/\/secure.gravatar.com\/avatar\/1407f2b4b361e6bdc8bd8992fba9160079ac36a9b2397c9b77aebd467a6f7322?s=96&d=mm&r=g","height":96,"width":96}},"publisher":{"@type":"Organization","name":"Dr. Wilfried Recker","logo":{"@type":"ImageObject","@id":"https:\/\/www.dr-recker.com\/wp-content\/uploads\/2017\/07\/Januskopf-60x60.jpg","url":"https:\/\/www.dr-recker.com\/wp-content\/uploads\/2017\/07\/Januskopf-60x60.jpg","width":600,"height":60}},"image":{"@type":"ImageObject","@id":"https:\/\/www.dr-recker.com\/wp-content\/uploads\/2017\/07\/Dr.-W.-Recker-700x991.png","url":"https:\/\/www.dr-recker.com\/wp-content\/uploads\/2017\/07\/Dr.-W.-Recker-700x991.png","width":100,"height":100},"keywords":["Ausschluss","Bautr\u00e4gervertrag","Leistungsverweigerungsrecht","M\u00e4ngel","Mindestanforderungen","Zur\u00fcckbehaltungsrecht"]},{"@type":"BlogPosting","@id":"https:\/\/www.dr-recker.com\/verlust-des-mindestschutzes-beim-bautraegervertrag-ein-typischer-fallstrick-beim-kauf-vom-bautraeger\/","headline":"Ver\u00adlust des Min\u00addest\u00adschut\u00adzes beim Bau\u00adtr\u00e4\u00adger\u00adver\u00adtrag \u2013 Ein typi\u00adscher Fall\u00adstrick beim Immo\u00adbi\u00adli\u00aden\u00ader\u00adwerb vom Bautr\u00e4ger","url":"https:\/\/www.dr-recker.com\/verlust-des-mindestschutzes-beim-bautraegervertrag-ein-typischer-fallstrick-beim-kauf-vom-bautraeger\/","datePublished":"2014-12-23","dateModified":"2026-01-18","mainEntityOfPage":"https:\/\/www.dr-recker.com\/verlust-des-mindestschutzes-beim-bautraegervertrag-ein-typischer-fallstrick-beim-kauf-vom-bautraeger\/","author":{"@type":"Person","@id":"https:\/\/www.dr-recker.com\/author\/recker\/#Person","name":"Wilfried Recker","url":"https:\/\/www.dr-recker.com\/author\/recker\/","identifier":2,"image":{"@type":"ImageObject","@id":"https:\/\/secure.gravatar.com\/avatar\/1407f2b4b361e6bdc8bd8992fba9160079ac36a9b2397c9b77aebd467a6f7322?s=96&d=mm&r=g","url":"https:\/\/secure.gravatar.com\/avatar\/1407f2b4b361e6bdc8bd8992fba9160079ac36a9b2397c9b77aebd467a6f7322?s=96&d=mm&r=g","height":96,"width":96}},"publisher":{"@type":"Organization","name":"Dr. Wilfried Recker","logo":{"@type":"ImageObject","@id":"https:\/\/www.dr-recker.com\/wp-content\/uploads\/2017\/07\/Januskopf-60x60.jpg","url":"https:\/\/www.dr-recker.com\/wp-content\/uploads\/2017\/07\/Januskopf-60x60.jpg","width":600,"height":60}},"image":{"@type":"ImageObject","@id":"https:\/\/www.dr-recker.com\/wp-content\/uploads\/2017\/07\/Dr.-W.-Recker-700x991.png","url":"https:\/\/www.dr-recker.com\/wp-content\/uploads\/2017\/07\/Dr.-W.-Recker-700x991.png","width":100,"height":100},"keywords":["Bauherr","Bautr\u00e4ger","Bautr\u00e4gervertrag","Erwerber","Mindestschutz"]}]}