{"@context":"https:\/\/schema.org\/","@type":"CollectionPage","@id":"https:\/\/www.dr-recker.com\/tag\/bautraegervertrag\/#CollectionPage","headline":"Bautr\u00e4gervertrag Tag","description":"","url":"https:\/\/www.dr-recker.com\/tag\/bautraegervertrag\/","hasPart":[{"@type":"BlogPosting","@id":"https:\/\/www.dr-recker.com\/totalverlust-des-kaufpreises-horrorszenario-beim-immobilienerwerb-vom-bautraeger\/","headline":"Total\u00adver\u00adlust des Erwerbs\u00adprei\u00adses \u2013 Hor\u00adror\u00adsze\u00adna\u00adrio beim Immo\u00adbi\u00adli\u00aden\u00ader\u00adwerb vom Bautr\u00e4ger","url":"https:\/\/www.dr-recker.com\/totalverlust-des-kaufpreises-horrorszenario-beim-immobilienerwerb-vom-bautraeger\/","datePublished":"2014-12-08","dateModified":"2026-01-18","mainEntityOfPage":"https:\/\/www.dr-recker.com\/totalverlust-des-kaufpreises-horrorszenario-beim-immobilienerwerb-vom-bautraeger\/","author":{"@type":"Person","@id":"https:\/\/www.dr-recker.com\/author\/recker\/#Person","name":"Wilfried Recker","url":"https:\/\/www.dr-recker.com\/author\/recker\/","identifier":2,"image":{"@type":"ImageObject","@id":"https:\/\/secure.gravatar.com\/avatar\/1407f2b4b361e6bdc8bd8992fba9160079ac36a9b2397c9b77aebd467a6f7322?s=96&d=mm&r=g","url":"https:\/\/secure.gravatar.com\/avatar\/1407f2b4b361e6bdc8bd8992fba9160079ac36a9b2397c9b77aebd467a6f7322?s=96&d=mm&r=g","height":96,"width":96}},"publisher":{"@type":"Organization","name":"Dr. Wilfried Recker","logo":{"@type":"ImageObject","@id":"https:\/\/www.dr-recker.com\/wp-content\/uploads\/2017\/07\/Januskopf-60x60.jpg","url":"https:\/\/www.dr-recker.com\/wp-content\/uploads\/2017\/07\/Januskopf-60x60.jpg","width":600,"height":60}},"image":{"@type":"ImageObject","@id":"https:\/\/www.dr-recker.com\/wp-content\/uploads\/2017\/07\/Dr.-W.-Recker-700x991.png","url":"https:\/\/www.dr-recker.com\/wp-content\/uploads\/2017\/07\/Dr.-W.-Recker-700x991.png","width":100,"height":100},"keywords":["Bautr\u00e4gervertrag","Horroszenario","Instolvenz","Totalverlust"]},{"@type":"BlogPosting","@id":"https:\/\/www.dr-recker.com\/immobilienmarkt-verbraucherschutz-und-bautraegervertrag\/","headline":"Immo\u00adbi\u00adli\u00aden\u00admarkt, Ver\u00adbrau\u00adcher\u00adschutz und Bautr\u00e4gervertrag","url":"https:\/\/www.dr-recker.com\/immobilienmarkt-verbraucherschutz-und-bautraegervertrag\/","datePublished":"2014-11-12","dateModified":"2026-01-17","mainEntityOfPage":"https:\/\/www.dr-recker.com\/immobilienmarkt-verbraucherschutz-und-bautraegervertrag\/","author":{"@type":"Person","@id":"https:\/\/www.dr-recker.com\/author\/recker\/#Person","name":"Wilfried Recker","url":"https:\/\/www.dr-recker.com\/author\/recker\/","identifier":2,"image":{"@type":"ImageObject","@id":"https:\/\/secure.gravatar.com\/avatar\/1407f2b4b361e6bdc8bd8992fba9160079ac36a9b2397c9b77aebd467a6f7322?s=96&d=mm&r=g","url":"https:\/\/secure.gravatar.com\/avatar\/1407f2b4b361e6bdc8bd8992fba9160079ac36a9b2397c9b77aebd467a6f7322?s=96&d=mm&r=g","height":96,"width":96}},"publisher":{"@type":"Organization","name":"Dr. Wilfried Recker","logo":{"@type":"ImageObject","@id":"https:\/\/www.dr-recker.com\/wp-content\/uploads\/2017\/07\/Januskopf-60x60.jpg","url":"https:\/\/www.dr-recker.com\/wp-content\/uploads\/2017\/07\/Januskopf-60x60.jpg","width":600,"height":60}},"image":{"@type":"ImageObject","@id":"https:\/\/www.dr-recker.com\/wp-content\/uploads\/2017\/07\/Dr.-W.-Recker-700x991.png","url":"https:\/\/www.dr-recker.com\/wp-content\/uploads\/2017\/07\/Dr.-W.-Recker-700x991.png","width":100,"height":100},"keywords":["Bautr\u00e4ger","Bautr\u00e4gervertrag","Checkliste","Immobilienerwerb","Verbraucherschutz"]},{"@type":"BlogPosting","@id":"https:\/\/www.dr-recker.com\/der-vorgetaeusche-dienstleistungsvertrag-ein-besonders-dreister-versuch-zur-beschraenkung-der-bautraegerhaftung\/","headline":"Der vor\u00adge\u00adt\u00e4u\u00adsche Dienst\u00adleis\u00adtungs\u00adver\u00adtrag \u2013 Ein beson\u00adders dreis\u00adter Ver\u00adsuch zur Beschr\u00e4n\u00adkung der Bautr\u00e4gerhaftung","url":"https:\/\/www.dr-recker.com\/der-vorgetaeusche-dienstleistungsvertrag-ein-besonders-dreister-versuch-zur-beschraenkung-der-bautraegerhaftung\/","datePublished":"2014-03-05","dateModified":"2026-01-17","mainEntityOfPage":"https:\/\/www.dr-recker.com\/der-vorgetaeusche-dienstleistungsvertrag-ein-besonders-dreister-versuch-zur-beschraenkung-der-bautraegerhaftung\/","author":{"@type":"Person","@id":"https:\/\/www.dr-recker.com\/author\/recker\/#Person","name":"Wilfried Recker","url":"https:\/\/www.dr-recker.com\/author\/recker\/","identifier":2,"image":{"@type":"ImageObject","@id":"https:\/\/secure.gravatar.com\/avatar\/1407f2b4b361e6bdc8bd8992fba9160079ac36a9b2397c9b77aebd467a6f7322?s=96&d=mm&r=g","url":"https:\/\/secure.gravatar.com\/avatar\/1407f2b4b361e6bdc8bd8992fba9160079ac36a9b2397c9b77aebd467a6f7322?s=96&d=mm&r=g","height":96,"width":96}},"publisher":{"@type":"Organization","name":"Dr. Wilfried Recker","logo":{"@type":"ImageObject","@id":"https:\/\/www.dr-recker.com\/wp-content\/uploads\/2017\/07\/Januskopf-60x60.jpg","url":"https:\/\/www.dr-recker.com\/wp-content\/uploads\/2017\/07\/Januskopf-60x60.jpg","width":600,"height":60}},"image":{"@type":"ImageObject","@id":"https:\/\/www.dr-recker.com\/wp-content\/uploads\/2017\/07\/Dr.-W.-Recker-700x991.png","url":"https:\/\/www.dr-recker.com\/wp-content\/uploads\/2017\/07\/Dr.-W.-Recker-700x991.png","width":100,"height":100},"keywords":["Bautr\u00e4gervertrag","Dienstleistungsvertrag","Vort\u00e4uschung"]},{"@type":"BlogPosting","@id":"https:\/\/www.dr-recker.com\/das-zwei-wochen-dilemma\/","headline":"Das Zwei-Wochen-Dilem\u00adma","url":"https:\/\/www.dr-recker.com\/das-zwei-wochen-dilemma\/","datePublished":"2014-02-27","dateModified":"2026-01-17","mainEntityOfPage":"https:\/\/www.dr-recker.com\/das-zwei-wochen-dilemma\/","author":{"@type":"Person","@id":"https:\/\/www.dr-recker.com\/author\/recker\/#Person","name":"Wilfried Recker","url":"https:\/\/www.dr-recker.com\/author\/recker\/","identifier":2,"image":{"@type":"ImageObject","@id":"https:\/\/secure.gravatar.com\/avatar\/1407f2b4b361e6bdc8bd8992fba9160079ac36a9b2397c9b77aebd467a6f7322?s=96&d=mm&r=g","url":"https:\/\/secure.gravatar.com\/avatar\/1407f2b4b361e6bdc8bd8992fba9160079ac36a9b2397c9b77aebd467a6f7322?s=96&d=mm&r=g","height":96,"width":96}},"publisher":{"@type":"Organization","name":"Dr. Wilfried Recker","logo":{"@type":"ImageObject","@id":"https:\/\/www.dr-recker.com\/wp-content\/uploads\/2017\/07\/Januskopf-60x60.jpg","url":"https:\/\/www.dr-recker.com\/wp-content\/uploads\/2017\/07\/Januskopf-60x60.jpg","width":600,"height":60}},"image":{"@type":"ImageObject","@id":"https:\/\/www.dr-recker.com\/wp-content\/uploads\/2017\/07\/Dr.-W.-Recker-700x991.png","url":"https:\/\/www.dr-recker.com\/wp-content\/uploads\/2017\/07\/Dr.-W.-Recker-700x991.png","width":100,"height":100},"keywords":["Bautr\u00e4ger","Bautr\u00e4gervertrag","Immobilie","\u00dcberlegungsfrist"]},{"@type":"BlogPosting","@id":"https:\/\/www.dr-recker.com\/bestaetigung-kurzer-bindungsfristen-beim-kauf-vom-bautraeger\/","headline":"Best\u00e4\u00adti\u00adgung kur\u00adzer Bin\u00addungs\u00adfris\u00adten beim Erwerb einer Immo\u00adbi\u00adlie vom Bautr\u00e4ger","url":"https:\/\/www.dr-recker.com\/bestaetigung-kurzer-bindungsfristen-beim-kauf-vom-bautraeger\/","datePublished":"2014-02-22","dateModified":"2026-01-18","mainEntityOfPage":"https:\/\/www.dr-recker.com\/bestaetigung-kurzer-bindungsfristen-beim-kauf-vom-bautraeger\/","author":{"@type":"Person","@id":"https:\/\/www.dr-recker.com\/author\/recker\/#Person","name":"Wilfried Recker","url":"https:\/\/www.dr-recker.com\/author\/recker\/","identifier":2,"image":{"@type":"ImageObject","@id":"https:\/\/secure.gravatar.com\/avatar\/1407f2b4b361e6bdc8bd8992fba9160079ac36a9b2397c9b77aebd467a6f7322?s=96&d=mm&r=g","url":"https:\/\/secure.gravatar.com\/avatar\/1407f2b4b361e6bdc8bd8992fba9160079ac36a9b2397c9b77aebd467a6f7322?s=96&d=mm&r=g","height":96,"width":96}},"publisher":{"@type":"Organization","name":"Dr. Wilfried Recker","logo":{"@type":"ImageObject","@id":"https:\/\/www.dr-recker.com\/wp-content\/uploads\/2017\/07\/Januskopf-60x60.jpg","url":"https:\/\/www.dr-recker.com\/wp-content\/uploads\/2017\/07\/Januskopf-60x60.jpg","width":600,"height":60}},"image":{"@type":"ImageObject","@id":"https:\/\/www.dr-recker.com\/wp-content\/uploads\/2017\/07\/Dr.-W.-Recker-700x991.png","url":"https:\/\/www.dr-recker.com\/wp-content\/uploads\/2017\/07\/Dr.-W.-Recker-700x991.png","width":100,"height":100},"keywords":["Angebot","Annahmefrist","Bautr\u00e4gerkaufvertrag","Bautr\u00e4gervertrag","Bindung","Bindungsfrist","K\u00e4uferschutz","Verbraucherschutz"]}]}