{"@context":"https:\/\/schema.org\/","@type":"CollectionPage","@id":"https:\/\/www.dr-recker.com\/tag\/bautraegervertrag\/#CollectionPage","headline":"Bautr\u00e4gervertrag Tag","description":"","url":"https:\/\/www.dr-recker.com\/tag\/bautraegervertrag\/","hasPart":[{"@type":"BlogPosting","@id":"https:\/\/www.dr-recker.com\/abnahme-des-gemeinschaftseigentums-beim-wohnungskauf-vom-bautraeger-nichtige-abnahmevollmacht-fuer-einen-vom-bautraeger-bestimmbaren-erstverwalter\/","headline":"Abnah\u00adme des Gemein\u00adschafts\u00adei\u00adgen\u00adtums beim Woh\u00adnungs\u00ader\u00adwerb vom Bau\u00adtr\u00e4\u00adger: Nich\u00adti\u00adge Abnah\u00adme\u00advoll\u00admacht f\u00fcr einen vom Bau\u00adtr\u00e4\u00adger bestimm\u00adba\u00adren Erstverwalter","url":"https:\/\/www.dr-recker.com\/abnahme-des-gemeinschaftseigentums-beim-wohnungskauf-vom-bautraeger-nichtige-abnahmevollmacht-fuer-einen-vom-bautraeger-bestimmbaren-erstverwalter\/","datePublished":"2013-10-31","dateModified":"2026-01-18","mainEntityOfPage":"https:\/\/www.dr-recker.com\/abnahme-des-gemeinschaftseigentums-beim-wohnungskauf-vom-bautraeger-nichtige-abnahmevollmacht-fuer-einen-vom-bautraeger-bestimmbaren-erstverwalter\/","author":{"@type":"Person","@id":"https:\/\/www.dr-recker.com\/author\/recker\/#Person","name":"Wilfried Recker","url":"https:\/\/www.dr-recker.com\/author\/recker\/","identifier":2,"image":{"@type":"ImageObject","@id":"https:\/\/secure.gravatar.com\/avatar\/1407f2b4b361e6bdc8bd8992fba9160079ac36a9b2397c9b77aebd467a6f7322?s=96&d=mm&r=g","url":"https:\/\/secure.gravatar.com\/avatar\/1407f2b4b361e6bdc8bd8992fba9160079ac36a9b2397c9b77aebd467a6f7322?s=96&d=mm&r=g","height":96,"width":96}},"publisher":{"@type":"Organization","name":"Dr. Wilfried Recker","logo":{"@type":"ImageObject","@id":"https:\/\/www.dr-recker.com\/wp-content\/uploads\/2017\/07\/Januskopf-60x60.jpg","url":"https:\/\/www.dr-recker.com\/wp-content\/uploads\/2017\/07\/Januskopf-60x60.jpg","width":600,"height":60}},"image":{"@type":"ImageObject","@id":"https:\/\/www.dr-recker.com\/wp-content\/uploads\/2017\/07\/Dr.-W.-Recker-700x991.png","url":"https:\/\/www.dr-recker.com\/wp-content\/uploads\/2017\/07\/Dr.-W.-Recker-700x991.png","width":100,"height":100},"keywords":["Abnahme","Bautr\u00e4gervertrag","Erstverwalter","Gemeinschaftseigentum"]},{"@type":"BlogPosting","@id":"https:\/\/www.dr-recker.com\/verbraucherschutz-im-bautragervertrag-bautragerfinanzierung-und-kauferbindung\/","headline":"Ver\u00adbrau\u00adcher\u00adschutz im Bau\u00adtr\u00e4\u00adger\u00adver\u00adtrag: Bau\u00adtr\u00e4\u00adger\u00adfi\u00adnan\u00adzie\u00adrung und K\u00e4uferbindung","url":"https:\/\/www.dr-recker.com\/verbraucherschutz-im-bautragervertrag-bautragerfinanzierung-und-kauferbindung\/","datePublished":"2013-07-27","dateModified":"2026-01-18","mainEntityOfPage":"https:\/\/www.dr-recker.com\/verbraucherschutz-im-bautragervertrag-bautragerfinanzierung-und-kauferbindung\/","author":{"@type":"Person","@id":"https:\/\/www.dr-recker.com\/author\/recker\/#Person","name":"Wilfried Recker","url":"https:\/\/www.dr-recker.com\/author\/recker\/","identifier":2,"image":{"@type":"ImageObject","@id":"https:\/\/secure.gravatar.com\/avatar\/1407f2b4b361e6bdc8bd8992fba9160079ac36a9b2397c9b77aebd467a6f7322?s=96&d=mm&r=g","url":"https:\/\/secure.gravatar.com\/avatar\/1407f2b4b361e6bdc8bd8992fba9160079ac36a9b2397c9b77aebd467a6f7322?s=96&d=mm&r=g","height":96,"width":96}},"publisher":{"@type":"Organization","name":"Dr. Wilfried Recker","logo":{"@type":"ImageObject","@id":"https:\/\/www.dr-recker.com\/wp-content\/uploads\/2017\/07\/Januskopf-60x60.jpg","url":"https:\/\/www.dr-recker.com\/wp-content\/uploads\/2017\/07\/Januskopf-60x60.jpg","width":600,"height":60}},"image":{"@type":"ImageObject","@id":"https:\/\/www.dr-recker.com\/wp-content\/uploads\/2017\/07\/Dr.-W.-Recker-700x991.png","url":"https:\/\/www.dr-recker.com\/wp-content\/uploads\/2017\/07\/Dr.-W.-Recker-700x991.png","width":100,"height":100},"keywords":["Bautr\u00e4gervertrag","Bindung","Erwerber"],"commentCount":"1","comment":[{"@type":"Comment","@id":"https:\/\/www.dr-recker.com\/verbraucherschutz-im-bautragervertrag-bautragerfinanzierung-und-kauferbindung\/#Comment1","dateCreated":"2013-10-27 17:13:35","description":"Sehr informativer Artikel, vielen Dank daf\u00fcr! \r\nBis der Verbraucherschutz in diesen Belangen wirklich umfassend greift wird es aber noch sehr lange dauern, bef\u00fcrchte ich.","author":{"@type":"Person","name":"Gerlinde D.","url":"https:\/\/www.seg.at"}}]},{"@type":"BlogPosting","@id":"https:\/\/www.dr-recker.com\/ubereilungs-und-uberlegungsschutz-beim-bautragervertrag-verbraucherschutz-und-haftung-des-notars\/","headline":"\u00dcber\u00adei\u00adlungs- und \u00dcber\u00adle\u00adgungs\u00adschutz beim Bau\u00adtr\u00e4\u00adger\u00adver\u00adtrag \u2013 Ver\u00adbrau\u00adcher\u00adschutz und Haf\u00adtung des Notars","url":"https:\/\/www.dr-recker.com\/ubereilungs-und-uberlegungsschutz-beim-bautragervertrag-verbraucherschutz-und-haftung-des-notars\/","datePublished":"2013-04-21","dateModified":"2026-01-18","mainEntityOfPage":"https:\/\/www.dr-recker.com\/ubereilungs-und-uberlegungsschutz-beim-bautragervertrag-verbraucherschutz-und-haftung-des-notars\/","author":{"@type":"Person","@id":"https:\/\/www.dr-recker.com\/author\/recker\/#Person","name":"Wilfried Recker","url":"https:\/\/www.dr-recker.com\/author\/recker\/","identifier":2,"image":{"@type":"ImageObject","@id":"https:\/\/secure.gravatar.com\/avatar\/1407f2b4b361e6bdc8bd8992fba9160079ac36a9b2397c9b77aebd467a6f7322?s=96&d=mm&r=g","url":"https:\/\/secure.gravatar.com\/avatar\/1407f2b4b361e6bdc8bd8992fba9160079ac36a9b2397c9b77aebd467a6f7322?s=96&d=mm&r=g","height":96,"width":96}},"publisher":{"@type":"Organization","name":"Dr. Wilfried Recker","logo":{"@type":"ImageObject","@id":"https:\/\/www.dr-recker.com\/wp-content\/uploads\/2017\/07\/Januskopf-60x60.jpg","url":"https:\/\/www.dr-recker.com\/wp-content\/uploads\/2017\/07\/Januskopf-60x60.jpg","width":600,"height":60}},"image":{"@type":"ImageObject","@id":"https:\/\/www.dr-recker.com\/wp-content\/uploads\/2017\/07\/Dr.-W.-Recker-700x991.png","url":"https:\/\/www.dr-recker.com\/wp-content\/uploads\/2017\/07\/Dr.-W.-Recker-700x991.png","width":100,"height":100},"keywords":["Bautr\u00e4gervertrag","\u00dcbereilungsschutz","\u00dcberlegungsschutz"]},{"@type":"BlogPosting","@id":"https:\/\/www.dr-recker.com\/informationspflichten-des-bautragers-im-bautragervertrag\/","headline":"Infor\u00adma\u00adti\u00adons\u00adpflich\u00adten des Ver\u00adk\u00e4u\u00adfers beim Immobilienkauf","url":"https:\/\/www.dr-recker.com\/informationspflichten-des-bautragers-im-bautragervertrag\/","datePublished":"2013-04-18","dateModified":"2026-01-18","mainEntityOfPage":"https:\/\/www.dr-recker.com\/informationspflichten-des-bautragers-im-bautragervertrag\/","author":{"@type":"Person","@id":"https:\/\/www.dr-recker.com\/author\/recker\/#Person","name":"Wilfried Recker","url":"https:\/\/www.dr-recker.com\/author\/recker\/","identifier":2,"image":{"@type":"ImageObject","@id":"https:\/\/secure.gravatar.com\/avatar\/1407f2b4b361e6bdc8bd8992fba9160079ac36a9b2397c9b77aebd467a6f7322?s=96&d=mm&r=g","url":"https:\/\/secure.gravatar.com\/avatar\/1407f2b4b361e6bdc8bd8992fba9160079ac36a9b2397c9b77aebd467a6f7322?s=96&d=mm&r=g","height":96,"width":96}},"publisher":{"@type":"Organization","name":"Dr. Wilfried Recker","logo":{"@type":"ImageObject","@id":"https:\/\/www.dr-recker.com\/wp-content\/uploads\/2017\/07\/Januskopf-60x60.jpg","url":"https:\/\/www.dr-recker.com\/wp-content\/uploads\/2017\/07\/Januskopf-60x60.jpg","width":600,"height":60}},"image":{"@type":"ImageObject","@id":"https:\/\/www.dr-recker.com\/wp-content\/uploads\/2017\/07\/Dr.-W.-Recker-700x991.png","url":"https:\/\/www.dr-recker.com\/wp-content\/uploads\/2017\/07\/Dr.-W.-Recker-700x991.png","width":100,"height":100},"keywords":["Bautr\u00e4ger","Bautr\u00e4gervertrag","Informationspflichten"],"commentCount":"4","comment":[{"@type":"Comment","@id":"https:\/\/www.dr-recker.com\/informationspflichten-des-bautragers-im-bautragervertrag\/#Comment1","dateCreated":"2017-11-24 16:18:06","description":"Sehr geehrter Herr Clausing, bitte entschuldigen Sie die urlaubsbedingte sp\u00e4te R\u00fcck\u00e4u\u00dferung: Derartige Urteile zum Bautr\u00e4gervertrag sind mir nicht bekannt. Das Fehlen derartiger Urteile d\u00fcrfte daran liegen, dass sich die Problematik mangelnder Bautr\u00e4gerinformationen regelm\u00e4\u00dfig in den Bautr\u00e4gervertrag selbst verlagert. Denn Bautr\u00e4ger behalten sich im Bautr\u00e4gervertrag regelm\u00e4\u00dfig das Recht vor, den Leistungsgegenstand einseitig, z.B. gem\u00e4\u00df \u00a7 315 ff BGB, zu \u00e4ndern. Sie machen dann von der \u00c4nderungsbefugnis Gebrauch, ohne den K\u00e4ufer \u00fcber die beabsichtigten \u00c4nderungen vorab zu informieren. Die unterlassene Information des K\u00e4ufers wird im Bautr\u00e4gervertrag aber nur dann relevant, wenn die \u00c4nderungsklausel ausnahmsweise nicht ohnehin, n\u00e4mlich wegen Versto\u00dfes gegen \u00a7 308 Ziff. 4. BGB, unwirksam ist. Dennoch ist es sinnvoll, gerade f\u00fcr den eher seltenen Fall wirksamer \u00c4nderungsklauseln eine Informationsgarantie des Bautr\u00e4gers in den Bautr\u00e4gervertrag aufzunehmen, um auch wegen unterlassener Information eine Schadensersatzpflicht des Bautr\u00e4gers zu begr\u00fcnden.","author":{"@type":"Person","name":"Wilfried Recker","url":"https:\/\/www.dr-recker.com\/"}},{"@type":"Comment","@id":"https:\/\/www.dr-recker.com\/informationspflichten-des-bautragers-im-bautragervertrag\/#Comment2","dateCreated":"2017-11-17 22:58:57","description":"Gibt es Urteile zu Verst\u00f6\u00dfen gegen die Informationspflichten des Bautr\u00e4gers w\u00e4hrend der Bauphase? Wie verh\u00e4lt man sich als K\u00e4ufer?","author":{"@type":"Person","name":"Hermann Clausing","url":""}}]},{"@type":"BlogPosting","@id":"https:\/\/www.dr-recker.com\/97-prozent-aller-bautragervertrage-sind-mangelhaft-lucke-im-verbraucherschutz\/","headline":"97 Pro\u00adzent aller Bau\u00adtr\u00e4\u00adger\u00adver\u00adtr\u00e4\u00adge sind man\u00adgel\u00adhaft \u2013 L\u00fccke im Verbraucherschutz","url":"https:\/\/www.dr-recker.com\/97-prozent-aller-bautragervertrage-sind-mangelhaft-lucke-im-verbraucherschutz\/","datePublished":"2013-04-13","dateModified":"2026-01-18","mainEntityOfPage":"https:\/\/www.dr-recker.com\/97-prozent-aller-bautragervertrage-sind-mangelhaft-lucke-im-verbraucherschutz\/","author":{"@type":"Person","@id":"https:\/\/www.dr-recker.com\/author\/recker\/#Person","name":"Wilfried Recker","url":"https:\/\/www.dr-recker.com\/author\/recker\/","identifier":2,"image":{"@type":"ImageObject","@id":"https:\/\/secure.gravatar.com\/avatar\/1407f2b4b361e6bdc8bd8992fba9160079ac36a9b2397c9b77aebd467a6f7322?s=96&d=mm&r=g","url":"https:\/\/secure.gravatar.com\/avatar\/1407f2b4b361e6bdc8bd8992fba9160079ac36a9b2397c9b77aebd467a6f7322?s=96&d=mm&r=g","height":96,"width":96}},"publisher":{"@type":"Organization","name":"Dr. Wilfried Recker","logo":{"@type":"ImageObject","@id":"https:\/\/www.dr-recker.com\/wp-content\/uploads\/2017\/07\/Januskopf-60x60.jpg","url":"https:\/\/www.dr-recker.com\/wp-content\/uploads\/2017\/07\/Januskopf-60x60.jpg","width":600,"height":60}},"image":{"@type":"ImageObject","@id":"https:\/\/www.dr-recker.com\/wp-content\/uploads\/2017\/07\/Dr.-W.-Recker-700x991.png","url":"https:\/\/www.dr-recker.com\/wp-content\/uploads\/2017\/07\/Dr.-W.-Recker-700x991.png","width":100,"height":100},"keywords":["Bautr\u00e4ger","Bautr\u00e4gervertrag","fehlerhaft"]}]}