{"@context":"https:\/\/schema.org\/","@type":"CollectionPage","@id":"https:\/\/www.dr-recker.com\/tag\/bautraegervertrag\/#CollectionPage","headline":"Bautr\u00e4gervertrag Tag","description":"","url":"https:\/\/www.dr-recker.com\/tag\/bautraegervertrag\/","hasPart":[{"@type":"BlogPosting","@id":"https:\/\/www.dr-recker.com\/risiken-beim-kauf-vom-bautrager\/","headline":"Risi\u00adken beim Erwerb einer Immo\u00adbi\u00adlie vom Bautr\u00e4ger","url":"https:\/\/www.dr-recker.com\/risiken-beim-kauf-vom-bautrager\/","datePublished":"2013-02-18","dateModified":"2026-01-18","mainEntityOfPage":"https:\/\/www.dr-recker.com\/risiken-beim-kauf-vom-bautrager\/","author":{"@type":"Person","@id":"https:\/\/www.dr-recker.com\/author\/recker\/#Person","name":"Wilfried Recker","url":"https:\/\/www.dr-recker.com\/author\/recker\/","identifier":2,"image":{"@type":"ImageObject","@id":"https:\/\/secure.gravatar.com\/avatar\/1407f2b4b361e6bdc8bd8992fba9160079ac36a9b2397c9b77aebd467a6f7322?s=96&d=mm&r=g","url":"https:\/\/secure.gravatar.com\/avatar\/1407f2b4b361e6bdc8bd8992fba9160079ac36a9b2397c9b77aebd467a6f7322?s=96&d=mm&r=g","height":96,"width":96}},"publisher":{"@type":"Organization","name":"Dr. Wilfried Recker","logo":{"@type":"ImageObject","@id":"https:\/\/www.dr-recker.com\/wp-content\/uploads\/2017\/07\/Januskopf-60x60.jpg","url":"https:\/\/www.dr-recker.com\/wp-content\/uploads\/2017\/07\/Januskopf-60x60.jpg","width":600,"height":60}},"image":{"@type":"ImageObject","@id":"https:\/\/www.dr-recker.com\/wp-content\/uploads\/2017\/07\/Dr.-W.-Recker-700x991.png","url":"https:\/\/www.dr-recker.com\/wp-content\/uploads\/2017\/07\/Dr.-W.-Recker-700x991.png","width":100,"height":100},"keywords":["Bautr\u00e4gervertrag","Risiken","vertragstypisch"]},{"@type":"BlogPosting","@id":"https:\/\/www.dr-recker.com\/verzugszinsen-bei-negativem-basiszinssatz\/","headline":"Ver\u00adzugs\u00adzin\u00adsen bei nega\u00adti\u00advem Basiszinssatz","url":"https:\/\/www.dr-recker.com\/verzugszinsen-bei-negativem-basiszinssatz\/","datePublished":"2013-02-15","dateModified":"2026-01-18","mainEntityOfPage":"https:\/\/www.dr-recker.com\/verzugszinsen-bei-negativem-basiszinssatz\/","author":{"@type":"Person","@id":"https:\/\/www.dr-recker.com\/author\/recker\/#Person","name":"Wilfried Recker","url":"https:\/\/www.dr-recker.com\/author\/recker\/","identifier":2,"image":{"@type":"ImageObject","@id":"https:\/\/secure.gravatar.com\/avatar\/1407f2b4b361e6bdc8bd8992fba9160079ac36a9b2397c9b77aebd467a6f7322?s=96&d=mm&r=g","url":"https:\/\/secure.gravatar.com\/avatar\/1407f2b4b361e6bdc8bd8992fba9160079ac36a9b2397c9b77aebd467a6f7322?s=96&d=mm&r=g","height":96,"width":96}},"publisher":{"@type":"Organization","name":"Dr. Wilfried Recker","logo":{"@type":"ImageObject","@id":"https:\/\/www.dr-recker.com\/wp-content\/uploads\/2017\/07\/Januskopf-60x60.jpg","url":"https:\/\/www.dr-recker.com\/wp-content\/uploads\/2017\/07\/Januskopf-60x60.jpg","width":600,"height":60}},"image":{"@type":"ImageObject","@id":"https:\/\/www.dr-recker.com\/wp-content\/uploads\/2017\/07\/Dr.-W.-Recker-700x991.png","url":"https:\/\/www.dr-recker.com\/wp-content\/uploads\/2017\/07\/Dr.-W.-Recker-700x991.png","width":100,"height":100},"keywords":["Bautr\u00e4gervertrag","Raten","Verzug","Verzugszinsen"]},{"@type":"BlogPosting","@id":"https:\/\/www.dr-recker.com\/recht-und-obliegenheit-des-kaufers-bei-baumangeln\/","headline":"Recht und Oblie\u00adgen\u00adheit des Erwer\u00adbers bei Baum\u00e4ngeln","url":"https:\/\/www.dr-recker.com\/recht-und-obliegenheit-des-kaufers-bei-baumangeln\/","datePublished":"2013-02-09","dateModified":"2026-01-18","mainEntityOfPage":"https:\/\/www.dr-recker.com\/recht-und-obliegenheit-des-kaufers-bei-baumangeln\/","author":{"@type":"Person","@id":"https:\/\/www.dr-recker.com\/author\/recker\/#Person","name":"Wilfried Recker","url":"https:\/\/www.dr-recker.com\/author\/recker\/","identifier":2,"image":{"@type":"ImageObject","@id":"https:\/\/secure.gravatar.com\/avatar\/1407f2b4b361e6bdc8bd8992fba9160079ac36a9b2397c9b77aebd467a6f7322?s=96&d=mm&r=g","url":"https:\/\/secure.gravatar.com\/avatar\/1407f2b4b361e6bdc8bd8992fba9160079ac36a9b2397c9b77aebd467a6f7322?s=96&d=mm&r=g","height":96,"width":96}},"publisher":{"@type":"Organization","name":"Dr. Wilfried Recker","logo":{"@type":"ImageObject","@id":"https:\/\/www.dr-recker.com\/wp-content\/uploads\/2017\/07\/Januskopf-60x60.jpg","url":"https:\/\/www.dr-recker.com\/wp-content\/uploads\/2017\/07\/Januskopf-60x60.jpg","width":600,"height":60}},"image":{"@type":"ImageObject","@id":"https:\/\/www.dr-recker.com\/wp-content\/uploads\/2017\/07\/Dr.-W.-Recker-700x991.png","url":"https:\/\/www.dr-recker.com\/wp-content\/uploads\/2017\/07\/Dr.-W.-Recker-700x991.png","width":100,"height":100},"keywords":["Bautr\u00e4ger","Bautr\u00e4gervertrag","Erwerber","M\u00e4ngel","Pflichten"]},{"@type":"BlogPosting","@id":"https:\/\/www.dr-recker.com\/neue-energieeinsparverordnung-und-regeln-der-technik\/","headline":"Neue Ener\u00adgie\u00adein\u00adspar\u00adver\u00adord\u00adnung und Regeln der Technik","url":"https:\/\/www.dr-recker.com\/neue-energieeinsparverordnung-und-regeln-der-technik\/","datePublished":"2013-02-06","dateModified":"2026-01-18","mainEntityOfPage":"https:\/\/www.dr-recker.com\/neue-energieeinsparverordnung-und-regeln-der-technik\/","author":{"@type":"Person","@id":"https:\/\/www.dr-recker.com\/author\/recker\/#Person","name":"Wilfried Recker","url":"https:\/\/www.dr-recker.com\/author\/recker\/","identifier":2,"image":{"@type":"ImageObject","@id":"https:\/\/secure.gravatar.com\/avatar\/1407f2b4b361e6bdc8bd8992fba9160079ac36a9b2397c9b77aebd467a6f7322?s=96&d=mm&r=g","url":"https:\/\/secure.gravatar.com\/avatar\/1407f2b4b361e6bdc8bd8992fba9160079ac36a9b2397c9b77aebd467a6f7322?s=96&d=mm&r=g","height":96,"width":96}},"publisher":{"@type":"Organization","name":"Dr. Wilfried Recker","logo":{"@type":"ImageObject","@id":"https:\/\/www.dr-recker.com\/wp-content\/uploads\/2017\/07\/Januskopf-60x60.jpg","url":"https:\/\/www.dr-recker.com\/wp-content\/uploads\/2017\/07\/Januskopf-60x60.jpg","width":600,"height":60}},"image":{"@type":"ImageObject","@id":"https:\/\/www.dr-recker.com\/wp-content\/uploads\/2017\/07\/Dr.-W.-Recker-700x991.png","url":"https:\/\/www.dr-recker.com\/wp-content\/uploads\/2017\/07\/Dr.-W.-Recker-700x991.png","width":100,"height":100},"keywords":["Bautr\u00e4gervertrag","Energieeinsparverordnung","Regeln der Technik"],"commentCount":"1","comment":[{"@type":"Comment","@id":"https:\/\/www.dr-recker.com\/neue-energieeinsparverordnung-und-regeln-der-technik\/#Comment1","dateCreated":"2013-03-06 15:00:14","description":"Schon wieder \u00c4nderungen? Da blickt man ja bald nicht mehr durch :-(","author":{"@type":"Person","name":"Jan-Philipp","url":"https:\/\/www.scherwat.de"}}]},{"@type":"BlogPosting","@id":"https:\/\/www.dr-recker.com\/freiheit-von-altlasten-im-bautragervertrag\/","headline":"Frei\u00adheit von Altlasten","url":"https:\/\/www.dr-recker.com\/freiheit-von-altlasten-im-bautragervertrag\/","datePublished":"2013-02-04","dateModified":"2026-01-18","mainEntityOfPage":"https:\/\/www.dr-recker.com\/freiheit-von-altlasten-im-bautragervertrag\/","author":{"@type":"Person","@id":"https:\/\/www.dr-recker.com\/author\/recker\/#Person","name":"Wilfried Recker","url":"https:\/\/www.dr-recker.com\/author\/recker\/","identifier":2,"image":{"@type":"ImageObject","@id":"https:\/\/secure.gravatar.com\/avatar\/1407f2b4b361e6bdc8bd8992fba9160079ac36a9b2397c9b77aebd467a6f7322?s=96&d=mm&r=g","url":"https:\/\/secure.gravatar.com\/avatar\/1407f2b4b361e6bdc8bd8992fba9160079ac36a9b2397c9b77aebd467a6f7322?s=96&d=mm&r=g","height":96,"width":96}},"publisher":{"@type":"Organization","name":"Dr. Wilfried Recker","logo":{"@type":"ImageObject","@id":"https:\/\/www.dr-recker.com\/wp-content\/uploads\/2017\/07\/Januskopf-60x60.jpg","url":"https:\/\/www.dr-recker.com\/wp-content\/uploads\/2017\/07\/Januskopf-60x60.jpg","width":600,"height":60}},"image":{"@type":"ImageObject","@id":"https:\/\/www.dr-recker.com\/wp-content\/uploads\/2017\/07\/Dr.-W.-Recker-700x991.png","url":"https:\/\/www.dr-recker.com\/wp-content\/uploads\/2017\/07\/Dr.-W.-Recker-700x991.png","width":100,"height":100},"keywords":["Altlasten","Bautr\u00e4gervertrag","M\u00e4ngel","Nachbargrundst\u00fcck"]}]}